{"id":3174,"date":"2018-07-29T17:40:45","date_gmt":"2018-07-29T15:40:45","guid":{"rendered":"https:\/\/www.abaccointernational.es\/literary-trips-in-spain-and-portugal\/"},"modified":"2019-01-23T23:12:52","modified_gmt":"2019-01-23T22:12:52","slug":"viajes-literarios-en-espana-y-portugal","status":"publish","type":"post","link":"https:\/\/www.abaccointernational.es\/es\/viajes-literarios-en-espana-y-portugal\/","title":{"rendered":"Viajes literarios en Espa\u00f1a y Portugal"},"content":{"rendered":"<p><img loading=\"lazy\" decoding=\"async\" class=\"alignnone wp-image-1623 size-full\" src=\"https:\/\/www.abaccointernational.es\/wp-content\/uploads\/2018\/07\/Alambra-Spain-Writing.jpg\" alt=\"Alambra, Spain. Writing\" width=\"1024\" height=\"768\" srcset=\"https:\/\/www.abaccointernational.es\/wp-content\/uploads\/2018\/07\/Alambra-Spain-Writing.jpg 1024w, https:\/\/www.abaccointernational.es\/wp-content\/uploads\/2018\/07\/Alambra-Spain-Writing-300x225.jpg 300w, https:\/\/www.abaccointernational.es\/wp-content\/uploads\/2018\/07\/Alambra-Spain-Writing-768x576.jpg 768w, https:\/\/www.abaccointernational.es\/wp-content\/uploads\/2018\/07\/Alambra-Spain-Writing-705x529.jpg 705w, https:\/\/www.abaccointernational.es\/wp-content\/uploads\/2018\/07\/Alambra-Spain-Writing-450x338.jpg 450w\" sizes=\"auto, (max-width: 1024px) 100vw, 1024px\" \/><\/p>\n<h2>Como agencia receptiva especializada en tours a medida, organizamos Viajes Tem\u00e1ticos en Espa\u00f1a y Portugal<\/h2>\n<p>Granada es la primera ciudad espa\u00f1ola incluida en la lista de Ciudades de la Literatura creada por la UNESCO dentro del Programa de la Red de Ciudades Creativas. Esta clasificaci\u00f3n motivar\u00e1 con toda certeza nuevos Viajes Literarios a esta hermosa ciudad.<\/p>\n<p>El destacado patrimonio literario de Granada incluye una de las colecciones de poemas m\u00e1s sorprendentes del mundo: la tallada, en bellas inscripciones \u00e1rabes, en las paredes, techos y columnas de los impresionantes Palacios de la Alhambra.<\/p>\n<p>La Alhambra y el Generalife forman un conjunto monumental de gran belleza, que tambi\u00e9n forma parte del Patrimonio de la Humanidad de la UNESCO, y ha inspirado a poetas y novelistas durante siglos, desde Al-Siqundi hasta Ernest Hemingway, desde Federico Garc\u00eda Lorca hasta Salman Rushdie.<\/p>\n<p>Granada cuenta tambi\u00e9n, una vez al a\u00f1o, con el Festival Internacional de Poes\u00eda (FIP).<\/p>\n<p><strong>La apertura del Centro Federico Garc\u00eda Lorca, para salvaguardar y promover el estudio y el conocimiento de su obra, sin duda ha sido tenida en cuenta por el jurado de la UNESCO para recompensar a Granada con el t\u00edtulo de <\/strong><a href=\"https:\/\/granadaciudaddeliteratura.com\/es\/granada-unesco\/\" target=\"_blank\" rel=\"nofollow noopener noreferrer\"><strong>Ciudad de la Literatura<\/strong><\/a><strong> en 2014.<\/strong><\/p>\n<p>&nbsp;<\/p>\n<h2>Otros destinos con motivaci\u00f3n literaria en Espa\u00f1a y Portugal:<\/h2>\n<p><strong><img loading=\"lazy\" decoding=\"async\" class=\"alignleft wp-image-1626 size-medium\" src=\"https:\/\/www.abaccointernational.es\/wp-content\/uploads\/2018\/07\/windmill-Spain-300x200.jpg\" alt=\"windmill. Spain\" width=\"300\" height=\"200\" srcset=\"https:\/\/www.abaccointernational.es\/wp-content\/uploads\/2018\/07\/windmill-Spain-300x200.jpg 300w, https:\/\/www.abaccointernational.es\/wp-content\/uploads\/2018\/07\/windmill-Spain-450x300.jpg 450w, https:\/\/www.abaccointernational.es\/wp-content\/uploads\/2018\/07\/windmill-Spain.jpg 640w\" sizes=\"auto, (max-width: 300px) 100vw, 300px\" \/><\/strong><\/p>\n<p><strong>Castilla La Mancha<\/strong>, la tierra de Don Quijote, es probablemente el primer destino literario en Espa\u00f1a. Los molinos de viento descritos por Miguel de Cervantes en uno de los libros m\u00e1s publicados de la historia son ahora el s\u00edmbolo de la regi\u00f3n.<\/p>\n<p><strong>Santiago de Compostela<\/strong> es el escenario de la novela \u00abLa Casa de la Troya\u00bb de Alejandro P\u00e9rez Lug\u00edn. El uso frecuente de este libro durante el siglo XX en la ense\u00f1anza del espa\u00f1ol como segundo idioma hizo que la novela fuera muy conocida en el extranjero, especialmente en las Am\u00e9ricas. La <a href=\"http:\/\/www.lacasadelatroya.gal\/es\/casa_intro.html\" target=\"_blank\" rel=\"noopener\">Casa de la Troya<\/a>, el edificio donde el personaje principal de la novela sol\u00eda vivir como estudiante universitario en Santiago, est\u00e1 hoy ocupado por un encantador hotel y un museo que recrea la casa de hu\u00e9spedes donde se desarrolla la novela: uno puede visitar los dormitorios, la cocina, la sala de estudio y la biblioteca&#8230; con muebles y decoraci\u00f3n de la \u00e9poca, principios del siglo XIX.<\/p>\n<p><strong>Barcelona<\/strong>: \u00ab<a href=\"http:\/\/www.carlosruizzafon.com\/es\/la-sombra-del-viento\/index.php\" target=\"_blank\" rel=\"noopener\">La sombra del viento<\/a>\u00ab, la novela de Carlos Ruiz Zaf\u00f3n publicada en el 2001, ha sido una poderosa motivaci\u00f3n para visitar la ciudad en que se ambienta. En este caso, los visitantes no tienen una nacionalidad espec\u00edfica ya que la novela ha sido un \u00e9xito mundial: vendi\u00f3 m\u00e1s de 6 millones de copias en todo el mundo.<\/p>\n<p><strong>Sintra<\/strong>: \u00abAniquilaci\u00f3n\u00bb, el primer libro de la trilog\u00eda de Jeff Vandermeer, \u00abThe Southern Reach\u00bb parece haber utilizado una torre en Sintra como inspiraci\u00f3n para Torre del \u00c1rea X. Esta novela de ficci\u00f3n fue un best-seller del New York Times en 2014. (Aniquilaci\u00f3n, Autoridad y Aceptaci\u00f3n)<\/p>\n<p><strong><img loading=\"lazy\" decoding=\"async\" class=\"alignleft wp-image-1629 size-medium\" src=\"https:\/\/www.abaccointernational.es\/wp-content\/uploads\/2018\/07\/Lisboa_Bertrand_Bookshop_Chiado-300x169.jpg\" alt=\"Lisboa. Bertrand Bookshop Chiado\" width=\"300\" height=\"169\" srcset=\"https:\/\/www.abaccointernational.es\/wp-content\/uploads\/2018\/07\/Lisboa_Bertrand_Bookshop_Chiado-300x169.jpg 300w, https:\/\/www.abaccointernational.es\/wp-content\/uploads\/2018\/07\/Lisboa_Bertrand_Bookshop_Chiado-450x253.jpg 450w, https:\/\/www.abaccointernational.es\/wp-content\/uploads\/2018\/07\/Lisboa_Bertrand_Bookshop_Chiado.jpg 640w\" sizes=\"auto, (max-width: 300px) 100vw, 300px\" \/><\/strong><\/p>\n<p>Los amantes de las librer\u00edas tienen dos peque\u00f1os para\u00edsos en Portugal.<\/p>\n<p><strong>Lisboa<\/strong>: La Livraria Bertrand, en Chiado, considerada la m\u00e1s antigua del mundo. Se inaugur\u00f3 en 1732 y fue el origen de la actual cadena de librer\u00edas con tiendas en todo Portugal y Espa\u00f1a. La antigua tienda en Rua Garrett, 73 sigue siendo la m\u00e1s hermosa.<\/p>\n<p><strong>Porto<\/strong>: La Livraria Lelo &amp; Irmaos es una de las m\u00e1s bonitas del mundo. Su espectacular escalera parece haber sido fuente de inspiraci\u00f3n para la autora de Harry Potter, J.K. Rowling, al crear la escalera en Hogwarts. La autora vivi\u00f3 en Porto durante su juventud, ense\u00f1\u00f3 ingl\u00e9s en una escuela de idiomas y visitaba la Livreria Lelo a menudo.<\/p>\n<p><strong>\u00bfHas encontrado inspiraci\u00f3n para un viaje tem\u00e1tico en alguno de estos destinos?<\/strong><\/p>\n<p><a href=\"https:\/\/www.abaccointernational.es\/es\/contacto\/\"><strong>\u00a1M\u00e1ndanos tu petici\u00f3n!<\/strong><\/a><\/p>\n","protected":false},"excerpt":{"rendered":"<p>Como agencia receptiva especializada en tours a medida, organizamos Viajes Tem\u00e1ticos en Espa\u00f1a y Portugal Granada es la primera ciudad espa\u00f1ola incluida en la lista de Ciudades de la Literatura creada por la UNESCO dentro del Programa de la Red de Ciudades Creativas. Esta clasificaci\u00f3n motivar\u00e1 con toda certeza nuevos Viajes Literarios a esta hermosa [&hellip;]<\/p>\n","protected":false},"author":1,"featured_media":2846,"comment_status":"open","ping_status":"open","sticky":false,"template":"","format":"standard","meta":{"footnotes":""},"categories":[76],"tags":[],"class_list":["post-3174","post","type-post","status-publish","format-standard","has-post-thumbnail","hentry","category-tours-tematicos"],"yoast_head":"<!-- This site is optimized with the Yoast SEO plugin v27.4 - https:\/\/yoast.com\/product\/yoast-seo-wordpress\/ -->\n<title>Viajes literarios en Espa\u00f1a y Portugal - Abacco International<\/title>\n<meta name=\"description\" content=\"Theme Tours in Spain and Portugal as Literary Trips are amazing experiences that Abacco International can organize for your groups\" \/>\n<meta name=\"robots\" content=\"index, follow, max-snippet:-1, max-image-preview:large, max-video-preview:-1\" \/>\n<link rel=\"canonical\" href=\"https:\/\/www.abaccointernational.es\/es\/viajes-literarios-en-espana-y-portugal\/\" \/>\n<meta property=\"og:locale\" content=\"es_ES\" \/>\n<meta property=\"og:type\" content=\"article\" \/>\n<meta property=\"og:title\" content=\"Viajes literarios en Espa\u00f1a y Portugal - Abacco International\" \/>\n<meta property=\"og:description\" content=\"Theme Tours in Spain and Portugal as Literary Trips are amazing experiences that Abacco International can organize for your groups\" \/>\n<meta property=\"og:url\" content=\"https:\/\/www.abaccointernational.es\/es\/viajes-literarios-en-espana-y-portugal\/\" \/>\n<meta property=\"og:site_name\" content=\"Abacco International\" \/>\n<meta property=\"article:published_time\" content=\"2018-07-29T15:40:45+00:00\" \/>\n<meta property=\"article:modified_time\" content=\"2019-01-23T22:12:52+00:00\" \/>\n<meta property=\"og:image\" content=\"https:\/\/www.abaccointernational.es\/wp-content\/uploads\/2018\/07\/Collage-Literary-Trips-Abacco-International.jpg\" \/>\n\t<meta property=\"og:image:width\" content=\"662\" \/>\n\t<meta property=\"og:image:height\" content=\"662\" \/>\n\t<meta property=\"og:image:type\" content=\"image\/jpeg\" \/>\n<meta name=\"author\" content=\"Alejandra\" \/>\n<meta name=\"twitter:card\" content=\"summary_large_image\" \/>\n<meta name=\"twitter:label1\" content=\"Escrito por\" \/>\n\t<meta name=\"twitter:data1\" content=\"Alejandra\" \/>\n\t<meta name=\"twitter:label2\" content=\"Tiempo de lectura\" \/>\n\t<meta name=\"twitter:data2\" content=\"3 minutos\" \/>\n<script type=\"application\/ld+json\" class=\"yoast-schema-graph\">{\"@context\":\"https:\\\/\\\/schema.org\",\"@graph\":[{\"@type\":\"Article\",\"@id\":\"https:\\\/\\\/www.abaccointernational.es\\\/es\\\/viajes-literarios-en-espana-y-portugal\\\/#article\",\"isPartOf\":{\"@id\":\"https:\\\/\\\/www.abaccointernational.es\\\/es\\\/viajes-literarios-en-espana-y-portugal\\\/\"},\"author\":{\"name\":\"Alejandra\",\"@id\":\"https:\\\/\\\/www.abaccointernational.es\\\/#\\\/schema\\\/person\\\/e2c2ced5b92c87a4afed7fc163f14a69\"},\"headline\":\"Viajes literarios en Espa\u00f1a y Portugal\",\"datePublished\":\"2018-07-29T15:40:45+00:00\",\"dateModified\":\"2019-01-23T22:12:52+00:00\",\"mainEntityOfPage\":{\"@id\":\"https:\\\/\\\/www.abaccointernational.es\\\/es\\\/viajes-literarios-en-espana-y-portugal\\\/\"},\"wordCount\":651,\"commentCount\":0,\"image\":{\"@id\":\"https:\\\/\\\/www.abaccointernational.es\\\/es\\\/viajes-literarios-en-espana-y-portugal\\\/#primaryimage\"},\"thumbnailUrl\":\"https:\\\/\\\/www.abaccointernational.es\\\/wp-content\\\/uploads\\\/2018\\\/07\\\/Collage-Literary-Trips-Abacco-International.jpg\",\"articleSection\":[\"Tours Tem\u00e1ticos\"],\"inLanguage\":\"es\",\"potentialAction\":[{\"@type\":\"CommentAction\",\"name\":\"Comment\",\"target\":[\"https:\\\/\\\/www.abaccointernational.es\\\/es\\\/viajes-literarios-en-espana-y-portugal\\\/#respond\"]}]},{\"@type\":\"WebPage\",\"@id\":\"https:\\\/\\\/www.abaccointernational.es\\\/es\\\/viajes-literarios-en-espana-y-portugal\\\/\",\"url\":\"https:\\\/\\\/www.abaccointernational.es\\\/es\\\/viajes-literarios-en-espana-y-portugal\\\/\",\"name\":\"Viajes literarios en Espa\u00f1a y Portugal - Abacco International\",\"isPartOf\":{\"@id\":\"https:\\\/\\\/www.abaccointernational.es\\\/#website\"},\"primaryImageOfPage\":{\"@id\":\"https:\\\/\\\/www.abaccointernational.es\\\/es\\\/viajes-literarios-en-espana-y-portugal\\\/#primaryimage\"},\"image\":{\"@id\":\"https:\\\/\\\/www.abaccointernational.es\\\/es\\\/viajes-literarios-en-espana-y-portugal\\\/#primaryimage\"},\"thumbnailUrl\":\"https:\\\/\\\/www.abaccointernational.es\\\/wp-content\\\/uploads\\\/2018\\\/07\\\/Collage-Literary-Trips-Abacco-International.jpg\",\"datePublished\":\"2018-07-29T15:40:45+00:00\",\"dateModified\":\"2019-01-23T22:12:52+00:00\",\"author\":{\"@id\":\"https:\\\/\\\/www.abaccointernational.es\\\/#\\\/schema\\\/person\\\/e2c2ced5b92c87a4afed7fc163f14a69\"},\"description\":\"Theme Tours in Spain and Portugal as Literary Trips are amazing experiences that Abacco International can organize for your groups\",\"breadcrumb\":{\"@id\":\"https:\\\/\\\/www.abaccointernational.es\\\/es\\\/viajes-literarios-en-espana-y-portugal\\\/#breadcrumb\"},\"inLanguage\":\"es\",\"potentialAction\":[{\"@type\":\"ReadAction\",\"target\":[\"https:\\\/\\\/www.abaccointernational.es\\\/es\\\/viajes-literarios-en-espana-y-portugal\\\/\"]}]},{\"@type\":\"ImageObject\",\"inLanguage\":\"es\",\"@id\":\"https:\\\/\\\/www.abaccointernational.es\\\/es\\\/viajes-literarios-en-espana-y-portugal\\\/#primaryimage\",\"url\":\"https:\\\/\\\/www.abaccointernational.es\\\/wp-content\\\/uploads\\\/2018\\\/07\\\/Collage-Literary-Trips-Abacco-International.jpg\",\"contentUrl\":\"https:\\\/\\\/www.abaccointernational.es\\\/wp-content\\\/uploads\\\/2018\\\/07\\\/Collage-Literary-Trips-Abacco-International.jpg\",\"width\":662,\"height\":662},{\"@type\":\"BreadcrumbList\",\"@id\":\"https:\\\/\\\/www.abaccointernational.es\\\/es\\\/viajes-literarios-en-espana-y-portugal\\\/#breadcrumb\",\"itemListElement\":[{\"@type\":\"ListItem\",\"position\":1,\"name\":\"Home\",\"item\":\"https:\\\/\\\/www.abaccointernational.es\\\/es\\\/\"},{\"@type\":\"ListItem\",\"position\":2,\"name\":\"Viajes literarios en Espa\u00f1a y Portugal\"}]},{\"@type\":\"WebSite\",\"@id\":\"https:\\\/\\\/www.abaccointernational.es\\\/#website\",\"url\":\"https:\\\/\\\/www.abaccointernational.es\\\/\",\"name\":\"Abacco International\",\"description\":\"DMC for Spain And Portugal\",\"potentialAction\":[{\"@type\":\"SearchAction\",\"target\":{\"@type\":\"EntryPoint\",\"urlTemplate\":\"https:\\\/\\\/www.abaccointernational.es\\\/?s={search_term_string}\"},\"query-input\":{\"@type\":\"PropertyValueSpecification\",\"valueRequired\":true,\"valueName\":\"search_term_string\"}}],\"inLanguage\":\"es\"},{\"@type\":\"Person\",\"@id\":\"https:\\\/\\\/www.abaccointernational.es\\\/#\\\/schema\\\/person\\\/e2c2ced5b92c87a4afed7fc163f14a69\",\"name\":\"Alejandra\",\"image\":{\"@type\":\"ImageObject\",\"inLanguage\":\"es\",\"@id\":\"https:\\\/\\\/secure.gravatar.com\\\/avatar\\\/4028fae666042d7dbedbe5245ccb478a3dd611f89215aeb1963f81073f4b78a2?s=96&d=mm&r=g\",\"url\":\"https:\\\/\\\/secure.gravatar.com\\\/avatar\\\/4028fae666042d7dbedbe5245ccb478a3dd611f89215aeb1963f81073f4b78a2?s=96&d=mm&r=g\",\"contentUrl\":\"https:\\\/\\\/secure.gravatar.com\\\/avatar\\\/4028fae666042d7dbedbe5245ccb478a3dd611f89215aeb1963f81073f4b78a2?s=96&d=mm&r=g\",\"caption\":\"Alejandra\"}}]}<\/script>\n<!-- \/ Yoast SEO plugin. -->","yoast_head_json":{"title":"Viajes literarios en Espa\u00f1a y Portugal - Abacco International","description":"Theme Tours in Spain and Portugal as Literary Trips are amazing experiences that Abacco International can organize for your groups","robots":{"index":"index","follow":"follow","max-snippet":"max-snippet:-1","max-image-preview":"max-image-preview:large","max-video-preview":"max-video-preview:-1"},"canonical":"https:\/\/www.abaccointernational.es\/es\/viajes-literarios-en-espana-y-portugal\/","og_locale":"es_ES","og_type":"article","og_title":"Viajes literarios en Espa\u00f1a y Portugal - Abacco International","og_description":"Theme Tours in Spain and Portugal as Literary Trips are amazing experiences that Abacco International can organize for your groups","og_url":"https:\/\/www.abaccointernational.es\/es\/viajes-literarios-en-espana-y-portugal\/","og_site_name":"Abacco International","article_published_time":"2018-07-29T15:40:45+00:00","article_modified_time":"2019-01-23T22:12:52+00:00","og_image":[{"width":662,"height":662,"url":"https:\/\/www.abaccointernational.es\/wp-content\/uploads\/2018\/07\/Collage-Literary-Trips-Abacco-International.jpg","type":"image\/jpeg"}],"author":"Alejandra","twitter_card":"summary_large_image","twitter_misc":{"Escrito por":"Alejandra","Tiempo de lectura":"3 minutos"},"schema":{"@context":"https:\/\/schema.org","@graph":[{"@type":"Article","@id":"https:\/\/www.abaccointernational.es\/es\/viajes-literarios-en-espana-y-portugal\/#article","isPartOf":{"@id":"https:\/\/www.abaccointernational.es\/es\/viajes-literarios-en-espana-y-portugal\/"},"author":{"name":"Alejandra","@id":"https:\/\/www.abaccointernational.es\/#\/schema\/person\/e2c2ced5b92c87a4afed7fc163f14a69"},"headline":"Viajes literarios en Espa\u00f1a y Portugal","datePublished":"2018-07-29T15:40:45+00:00","dateModified":"2019-01-23T22:12:52+00:00","mainEntityOfPage":{"@id":"https:\/\/www.abaccointernational.es\/es\/viajes-literarios-en-espana-y-portugal\/"},"wordCount":651,"commentCount":0,"image":{"@id":"https:\/\/www.abaccointernational.es\/es\/viajes-literarios-en-espana-y-portugal\/#primaryimage"},"thumbnailUrl":"https:\/\/www.abaccointernational.es\/wp-content\/uploads\/2018\/07\/Collage-Literary-Trips-Abacco-International.jpg","articleSection":["Tours Tem\u00e1ticos"],"inLanguage":"es","potentialAction":[{"@type":"CommentAction","name":"Comment","target":["https:\/\/www.abaccointernational.es\/es\/viajes-literarios-en-espana-y-portugal\/#respond"]}]},{"@type":"WebPage","@id":"https:\/\/www.abaccointernational.es\/es\/viajes-literarios-en-espana-y-portugal\/","url":"https:\/\/www.abaccointernational.es\/es\/viajes-literarios-en-espana-y-portugal\/","name":"Viajes literarios en Espa\u00f1a y Portugal - Abacco International","isPartOf":{"@id":"https:\/\/www.abaccointernational.es\/#website"},"primaryImageOfPage":{"@id":"https:\/\/www.abaccointernational.es\/es\/viajes-literarios-en-espana-y-portugal\/#primaryimage"},"image":{"@id":"https:\/\/www.abaccointernational.es\/es\/viajes-literarios-en-espana-y-portugal\/#primaryimage"},"thumbnailUrl":"https:\/\/www.abaccointernational.es\/wp-content\/uploads\/2018\/07\/Collage-Literary-Trips-Abacco-International.jpg","datePublished":"2018-07-29T15:40:45+00:00","dateModified":"2019-01-23T22:12:52+00:00","author":{"@id":"https:\/\/www.abaccointernational.es\/#\/schema\/person\/e2c2ced5b92c87a4afed7fc163f14a69"},"description":"Theme Tours in Spain and Portugal as Literary Trips are amazing experiences that Abacco International can organize for your groups","breadcrumb":{"@id":"https:\/\/www.abaccointernational.es\/es\/viajes-literarios-en-espana-y-portugal\/#breadcrumb"},"inLanguage":"es","potentialAction":[{"@type":"ReadAction","target":["https:\/\/www.abaccointernational.es\/es\/viajes-literarios-en-espana-y-portugal\/"]}]},{"@type":"ImageObject","inLanguage":"es","@id":"https:\/\/www.abaccointernational.es\/es\/viajes-literarios-en-espana-y-portugal\/#primaryimage","url":"https:\/\/www.abaccointernational.es\/wp-content\/uploads\/2018\/07\/Collage-Literary-Trips-Abacco-International.jpg","contentUrl":"https:\/\/www.abaccointernational.es\/wp-content\/uploads\/2018\/07\/Collage-Literary-Trips-Abacco-International.jpg","width":662,"height":662},{"@type":"BreadcrumbList","@id":"https:\/\/www.abaccointernational.es\/es\/viajes-literarios-en-espana-y-portugal\/#breadcrumb","itemListElement":[{"@type":"ListItem","position":1,"name":"Home","item":"https:\/\/www.abaccointernational.es\/es\/"},{"@type":"ListItem","position":2,"name":"Viajes literarios en Espa\u00f1a y Portugal"}]},{"@type":"WebSite","@id":"https:\/\/www.abaccointernational.es\/#website","url":"https:\/\/www.abaccointernational.es\/","name":"Abacco International","description":"DMC for Spain And Portugal","potentialAction":[{"@type":"SearchAction","target":{"@type":"EntryPoint","urlTemplate":"https:\/\/www.abaccointernational.es\/?s={search_term_string}"},"query-input":{"@type":"PropertyValueSpecification","valueRequired":true,"valueName":"search_term_string"}}],"inLanguage":"es"},{"@type":"Person","@id":"https:\/\/www.abaccointernational.es\/#\/schema\/person\/e2c2ced5b92c87a4afed7fc163f14a69","name":"Alejandra","image":{"@type":"ImageObject","inLanguage":"es","@id":"https:\/\/secure.gravatar.com\/avatar\/4028fae666042d7dbedbe5245ccb478a3dd611f89215aeb1963f81073f4b78a2?s=96&d=mm&r=g","url":"https:\/\/secure.gravatar.com\/avatar\/4028fae666042d7dbedbe5245ccb478a3dd611f89215aeb1963f81073f4b78a2?s=96&d=mm&r=g","contentUrl":"https:\/\/secure.gravatar.com\/avatar\/4028fae666042d7dbedbe5245ccb478a3dd611f89215aeb1963f81073f4b78a2?s=96&d=mm&r=g","caption":"Alejandra"}}]}},"_links":{"self":[{"href":"https:\/\/www.abaccointernational.es\/es\/wp-json\/wp\/v2\/posts\/3174","targetHints":{"allow":["GET"]}}],"collection":[{"href":"https:\/\/www.abaccointernational.es\/es\/wp-json\/wp\/v2\/posts"}],"about":[{"href":"https:\/\/www.abaccointernational.es\/es\/wp-json\/wp\/v2\/types\/post"}],"author":[{"embeddable":true,"href":"https:\/\/www.abaccointernational.es\/es\/wp-json\/wp\/v2\/users\/1"}],"replies":[{"embeddable":true,"href":"https:\/\/www.abaccointernational.es\/es\/wp-json\/wp\/v2\/comments?post=3174"}],"version-history":[{"count":2,"href":"https:\/\/www.abaccointernational.es\/es\/wp-json\/wp\/v2\/posts\/3174\/revisions"}],"predecessor-version":[{"id":3175,"href":"https:\/\/www.abaccointernational.es\/es\/wp-json\/wp\/v2\/posts\/3174\/revisions\/3175"}],"wp:featuredmedia":[{"embeddable":true,"href":"https:\/\/www.abaccointernational.es\/es\/wp-json\/wp\/v2\/media\/2846"}],"wp:attachment":[{"href":"https:\/\/www.abaccointernational.es\/es\/wp-json\/wp\/v2\/media?parent=3174"}],"wp:term":[{"taxonomy":"category","embeddable":true,"href":"https:\/\/www.abaccointernational.es\/es\/wp-json\/wp\/v2\/categories?post=3174"},{"taxonomy":"post_tag","embeddable":true,"href":"https:\/\/www.abaccointernational.es\/es\/wp-json\/wp\/v2\/tags?post=3174"}],"curies":[{"name":"wp","href":"https:\/\/api.w.org\/{rel}","templated":true}]}}